{"id":1597,"date":"2025-04-09T11:43:03","date_gmt":"2025-04-09T09:43:03","guid":{"rendered":"https:\/\/www.qualitycreation.eu\/en\/?p=1597"},"modified":"2025-04-09T11:56:24","modified_gmt":"2025-04-09T09:56:24","slug":"the-qualitas-framework","status":"publish","type":"post","link":"https:\/\/www.qualitycreation.eu\/et\/the-qualitas-framework\/","title":{"rendered":"QUALITAS raamistik"},"content":{"rendered":"QUALITAS v\u00e4\u00e4rtusloome kontseptsioon ja raamistik seab eesm\u00e4rgiks Euroopa kutsehariduss\u00fcsteemi s\u00e4ilen\u00f5tkuse, j\u00e4tkusuutlikkuse ja m\u00f5ju suurendamise. See v\u00f5imaldab \u00f5ppijatele oskused, teadmised ja m\u00f5tteviisi, mis vastab modernse majanduse, \u00fchiskonna ja keskkonna d\u00fcnaamilistele v\u00e4ljakutsetele.&nbsp;\r\n\r\nLae alla <strong><a href=\"https:\/\/www.qualitycreation.eu\/wp-content\/uploads\/2025\/04\/Framework.pdf\"><strong>QUALITAS raamistik<\/strong> <\/a><\/strong>\r\n\r\nQUALITAS kontseptsiooni v\u00f5tmeomadused:\r\n1. S\u00e4ilen\u00f5tkus (<em>Resilience<\/em>):\r\n<ul class=\"wp-block-list\">\r\n \t<li style=\"list-style-type: none;\">\r\n<ul class=\"wp-block-list\">\r\n \t<li>Arendab kohanemisv\u00f5imet ja valmistab \u00f5ppureid ette majanduslike, tehnoloogiliste ja \u00fchiskondlike muutustega toimetulekuks.<\/li>\r\n<\/ul>\r\n<\/li>\r\n<\/ul>\r\n<!-- \/wp:post-content -->\r\n\r\n<!-- wp:list-item -->\r\n<ul class=\"wp-block-list\">\r\n \t<li style=\"list-style-type: none;\">\r\n<ul class=\"wp-block-list\">\r\n \t<li>Soodustab kriitilist m\u00f5tlemist, probleemide lahendamise oskust ja otsustusv\u00f5imet, et tulla toime ebakindlusega.<\/li>\r\n<\/ul>\r\n<\/li>\r\n<\/ul>\r\n<strong>2. J\u00e4tkusuutlikkus (<em>Sustainability<\/em>):<\/strong>\r\n\r\n<!-- \/wp:list-item -->\r\n\r\n<!-- wp:list {\"ordered\":true} -->\r\n\r\n<!-- \/wp:list -->\r\n\r\n<!-- wp:list -->\r\n<ul class=\"wp-block-list\">\r\n \t<li style=\"list-style-type: none;\">\r\n<ul class=\"wp-block-list\"><!-- wp:list-item -->\r\n \t<li>Integreerib haridusse keskkonna-, sotsiaalse ja majandusliku j\u00e4tkusuutlikkuse.<\/li>\r\n<\/ul>\r\n<\/li>\r\n<\/ul>\r\n<!-- \/wp:list-item -->\r\n\r\n<!-- wp:list-item -->\r\n<ul class=\"wp-block-list\">\r\n \t<li style=\"list-style-type: none;\">\r\n<ul class=\"wp-block-list\">\r\n \t<li>Edendab pikaajalist v\u00e4\u00e4rtusloomet, soodustades vastutustundlikku otsuste tegemist j\u00e4tkusuutliku kasvu nimel.<\/li>\r\n<\/ul>\r\n<\/li>\r\n<\/ul>\r\n<!-- \/wp:list-item -->\r\n\r\n<!-- \/wp:list -->\r\n\r\n<!-- wp:paragraph -->\r\n\r\n<strong>3. M\u00f5ju (<em>Empowerment<\/em>):<\/strong>\r\n\r\n<!-- \/wp:paragraph -->\r\n\r\n<!-- wp:list {\"ordered\":true} -->\r\n\r\n<!-- \/wp:list -->\r\n\r\n<!-- wp:list -->\r\n<ul class=\"wp-block-list\">\r\n \t<li style=\"list-style-type: none;\">\r\n<ul class=\"wp-block-list\"><!-- wp:list-item -->\r\n \t<li>Edendab nii individuaalset enesekindlust kui ka kollektiivset meeskonnat\u00f6\u00f6d, julgustades innovatsiooni.<\/li>\r\n<\/ul>\r\n<\/li>\r\n<\/ul>\r\n<!-- \/wp:list-item -->\r\n\r\n<!-- wp:list-item -->\r\n<ul class=\"wp-block-list\">\r\n \t<li style=\"list-style-type: none;\">\r\n<ul class=\"wp-block-list\">\r\n \t<li>Valmistab \u00f5ppureid ette v\u00e4\u00e4rtusloomeks ja \u00fchiskondlikule muutusele kaasa aitamiseks.<\/li>\r\n<\/ul>\r\n<\/li>\r\n<\/ul>\r\n<!-- \/wp:list-item -->\r\n\r\n<!-- \/wp:list -->\r\n\r\n<!-- wp:paragraph -->\r\n\r\n<strong>4. Kutsehariduse sidumine t\u00f6\u00f6turu ja \u00fchiskonna vajadustega:\r\n<\/strong>\r\n\r\n<!-- \/wp:paragraph -->\r\n\r\n<!-- wp:list {\"ordered\":true} -->\r\n\r\n<!-- \/wp:list -->\r\n\r\n<!-- wp:list -->\r\n<ul class=\"wp-block-list\">\r\n \t<li style=\"list-style-type: none;\">\r\n<ul class=\"wp-block-list\"><!-- wp:list-item -->\r\n \t<li>Tagab, et kutseharidus p\u00fcsib asjakohane reaalmaailma v\u00e4ljakutsete, nagu kliimamuutused ja digip\u00f6\u00f6re, suhtes.<\/li>\r\n<\/ul>\r\n<\/li>\r\n<\/ul>\r\n<!-- \/wp:list-item -->\r\n\r\n<!-- wp:list-item -->\r\n<ul class=\"wp-block-list\">\r\n \t<li style=\"list-style-type: none;\">\r\n<ul class=\"wp-block-list\">\r\n \t<li>Soodustab koost\u00f6\u00f6d t\u00f6\u00f6maailmaga, et viia koolitus vastavusse turu n\u00f5udmistega.<\/li>\r\n<\/ul>\r\n<\/li>\r\n<\/ul>\r\n<!-- \/wp:list-item -->\r\n\r\n<!-- \/wp:list -->\r\n\r\n<!-- wp:paragraph -->\r\n\r\n<strong>5. V\u00e4\u00e4rtusloome p\u00f5him\u00f5tete integreerimine:<\/strong>\r\n\r\n<!-- \/wp:paragraph -->\r\n\r\n<!-- wp:list {\"ordered\":true} -->\r\n\r\n<!-- \/wp:list -->\r\n\r\n<!-- wp:list -->\r\n<ul class=\"wp-block-list\">\r\n \t<li style=\"list-style-type: none;\">\r\n<ul class=\"wp-block-list\"><!-- wp:list-item -->\r\n \t<li>Keskendub terviklikule arengule lisaks tehnilistele oskustele, edendades sotsiaalset, majanduslikku ja keskkonnaalast teadlikkust..<\/li>\r\n<\/ul>\r\n<\/li>\r\n<\/ul>\r\n<!-- \/wp:list-item -->\r\n\r\n<!-- wp:list-item -->\r\n<ul class=\"wp-block-list\">\r\n \t<li style=\"list-style-type: none;\">\r\n<ul class=\"wp-block-list\">\r\n \t<li>Julgustab disainm\u00f5tlemist innovatiivseks probleemide lahendamiseks.<\/li>\r\n<\/ul>\r\n<\/li>\r\n<\/ul>\r\n<!-- \/wp:list-item -->\r\n\r\n<!-- \/wp:list -->\r\n\r\n<!-- wp:paragraph -->\r\n\r\n<strong>6. Euroopa kontekst ja kultuuride\u00fcjlene rakendamine:<\/strong>\r\n\r\n<!-- \/wp:paragraph -->\r\n\r\n<!-- wp:list {\"ordered\":true} -->\r\n\r\n<!-- \/wp:list -->\r\n\r\n<!-- wp:list -->\r\n<ul class=\"wp-block-list\">\r\n \t<li style=\"list-style-type: none;\">\r\n<ul class=\"wp-block-list\"><!-- wp:list-item -->\r\n \t<li>Kohandub Euroopa erinevate kultuuriliste, majanduslike ja sotsiaalsete kontekstidega.<\/li>\r\n<\/ul>\r\n<\/li>\r\n<\/ul>\r\n<!-- \/wp:list-item -->\r\n\r\n<!-- wp:list-item -->\r\n<ul class=\"wp-block-list\">\r\n \t<li style=\"list-style-type: none;\">\r\n<ul class=\"wp-block-list\">\r\n \t<li>Edendab rahvusvahelist koost\u00f6\u00f6d ja parimate praktikate &nbsp;vahetamist.<\/li>\r\n<\/ul>\r\n<\/li>\r\n<\/ul><!-- \/wp:list-item -->","protected":false},"excerpt":{"rendered":"<p>QUALITAS v\u00e4\u00e4rtusloome kontseptsioon ja raamistik seab eesm\u00e4rgiks Euroopa kutsehariduss\u00fcsteemi s\u00e4ilen\u00f5tkuse, j\u00e4tkusuutlikkuse ja m\u00f5ju suurendamise<\/p>\n","protected":false},"author":2,"featured_media":1602,"comment_status":"closed","ping_status":"closed","sticky":false,"template":"","format":"standard","meta":{"footnotes":""},"categories":[16],"tags":[],"class_list":["post-1597","post","type-post","status-publish","format-standard","has-post-thumbnail","hentry","category-news"],"_links":{"self":[{"href":"https:\/\/www.qualitycreation.eu\/et\/wp-json\/wp\/v2\/posts\/1597","targetHints":{"allow":["GET"]}}],"collection":[{"href":"https:\/\/www.qualitycreation.eu\/et\/wp-json\/wp\/v2\/posts"}],"about":[{"href":"https:\/\/www.qualitycreation.eu\/et\/wp-json\/wp\/v2\/types\/post"}],"author":[{"embeddable":true,"href":"https:\/\/www.qualitycreation.eu\/et\/wp-json\/wp\/v2\/users\/2"}],"replies":[{"embeddable":true,"href":"https:\/\/www.qualitycreation.eu\/et\/wp-json\/wp\/v2\/comments?post=1597"}],"version-history":[{"count":3,"href":"https:\/\/www.qualitycreation.eu\/et\/wp-json\/wp\/v2\/posts\/1597\/revisions"}],"predecessor-version":[{"id":1605,"href":"https:\/\/www.qualitycreation.eu\/et\/wp-json\/wp\/v2\/posts\/1597\/revisions\/1605"}],"wp:featuredmedia":[{"embeddable":true,"href":"https:\/\/www.qualitycreation.eu\/et\/wp-json\/wp\/v2\/media\/1602"}],"wp:attachment":[{"href":"https:\/\/www.qualitycreation.eu\/et\/wp-json\/wp\/v2\/media?parent=1597"}],"wp:term":[{"taxonomy":"category","embeddable":true,"href":"https:\/\/www.qualitycreation.eu\/et\/wp-json\/wp\/v2\/categories?post=1597"},{"taxonomy":"post_tag","embeddable":true,"href":"https:\/\/www.qualitycreation.eu\/et\/wp-json\/wp\/v2\/tags?post=1597"}],"curies":[{"name":"wp","href":"https:\/\/api.w.org\/{rel}","templated":true}]}}